{"id":8989,"date":"2023-12-14T13:04:35","date_gmt":"2023-12-14T12:04:35","guid":{"rendered":"https:\/\/test.dzrakovica.rs\/?p=8989"},"modified":"2023-12-14T13:04:35","modified_gmt":"2023-12-14T12:04:35","slug":"dom-zdravlja-rakovica-razvojno-savetovaliste-porodicno-orijentisana-rana-intervencija-za-zdrav-razvoj-dece","status":"publish","type":"post","link":"https:\/\/dzrakovica.rs\/?p=8989","title":{"rendered":"Dom zdravlja Rakovica &#8211; Razvojno savetovali\u0161te -Porodi\u010dno orijentisana rana intervencija za zdrav razvoj dece"},"content":{"rendered":"\n<figure class=\\\"wp-block-image aligncenter size-full is-style-rounded\\\"><img src=\\\"https:\/\/dzrakovica.rs\/wp-content\/uploads\/2023\/12\/images.jpg\\\" alt=\\\"\\\" class=\\\"wp-image-7462\\\"\/><\/figure>\n\n\n\n<p>13.12.2023 godine  Dom zdravlja Rakovica je sve\u010dano otvorio renovirane prostorijje Razvojnog savetovali\u0161ta i poseban segment Porodi\u010dno orijentisana rana intervencija za zdrav razvoj dece.<\/p>\n\n\n\n<figure class=\\\"wp-block-image aligncenter size-large is-resized is-style-rounded\\\"><img src=\\\"https:\/\/dzrakovica.rs\/wp-content\/uploads\/2023\/12\/IMG-a838d778cfa38f3c3e3b227455fa9c7e-V-768x1024.jpg\\\" alt=\\\"\\\" class=\\\"wp-image-7463\\\" style=\\\"aspect-ratio:0.75;width:478px;height:auto\\\"\/><\/figure>\n\n\n\n<p>v.d. Direktor-a Dr sci med Svetlana Anti\u0107 je zajedno sa dr\u017eavnim sekretarom Ministarstva zdravlja RS <\/p>\n\n\n\n<p>Dr Aleksandrom Stefovskim uz prisustvo predstavnika UNICEF &#8211; Srbija,Op\u0161tine Rakovica,udru\u017eenja privatnih poslodavaca op\u0161tine Rakovica, IKEA, studia B i zaposlenih Doma zdravlja Rakovica presecanjem <\/p>\n\n\n\n<p>sve\u010dane vrpce otvorila renovirane prostorije Razvojnog savetovali\u0161ta.<\/p>\n\n\n\n<figure class=\\\"wp-block-image aligncenter size-large is-resized is-style-rounded\\\"><img src=\\\"https:\/\/dzrakovica.rs\/wp-content\/uploads\/2023\/12\/IMG-48e6e8cdae08762bc995f1ad0589ff23-V-768x1024.jpg\\\" alt=\\\"\\\" class=\\\"wp-image-7464\\\" style=\\\"aspect-ratio:0.75;width:288px;height:auto\\\"\/><\/figure>\n\n\n\n<p>Tokom sve\u010danosti otvaranja vd Direktor-a Dr sci med Svetlana Anti\u0107 je u ime Doma zdravlja Rakovica dodelila zahvalnice institucijama,firmama i pojedincima za nesebi\u010dnu podr\u0161ku i pomo\u0107 u realizaciji renoviranja i opremanja Razojnog savetovali\u0161ta.<\/p>\n\n\n\n<p><\/p>\n\n\n\n<figure class=\\\"wp-block-image aligncenter size-large is-resized is-style-rounded\\\"><img src=\\\"https:\/\/dzrakovica.rs\/wp-content\/uploads\/2023\/12\/IMG-2d2a1d3505c4783ca3bf3d3209bf2bad-V-768x1024.jpg\\\" alt=\\\"\\\" class=\\\"wp-image-7467\\\" style=\\\"aspect-ratio:0.75;width:277px;height:auto\\\"\/><\/figure>\n\n\n\n<figure class=\\\"wp-block-image aligncenter size-large is-resized is-style-rounded\\\"><img src=\\\"https:\/\/dzrakovica.rs\/wp-content\/uploads\/2023\/12\/IMG-167fec6f26c2c68466a32f650b875eb5-V-768x1024.jpg\\\" alt=\\\"\\\" class=\\\"wp-image-7468\\\" style=\\\"aspect-ratio:0.75;width:242px;height:auto\\\"\/><\/figure>\n\n\n\n<figure class=\\\"wp-block-image aligncenter size-large is-resized is-style-rounded\\\"><img src=\\\"https:\/\/dzrakovica.rs\/wp-content\/uploads\/2023\/12\/IMG-84449e505f932431d2958da68be2475f-V-768x1024.jpg\\\" alt=\\\"\\\" class=\\\"wp-image-7469\\\" style=\\\"aspect-ratio:0.75;width:246px;height:auto\\\"\/><\/figure>\n\n\n\n<figure class=\\\"wp-block-image aligncenter size-full is-style-rounded\\\"><img src=\\\"https:\/\/dzrakovica.rs\/wp-content\/uploads\/2023\/12\/Untitled.png\\\" alt=\\\"\\\" class=\\\"wp-image-7470\\\"\/><\/figure>\n\n\n\n<p>\u201ePorodi\u010dno orijentisani pristup defini\u0161e se kao filozofija ili skup praksi koje uva\u017eavaju centralnu ulogu porodice u podr\u0161ci za dete i promovi\u0161u njene snage i sposobnosti.\u201c <em>Trivette i Dunst (2005)<\/em><\/p>\n\n\n\n<p><\/p>\n\n\n\n<figure class=\\\"wp-block-image aligncenter size-large is-resized is-style-rounded\\\"><img src=\\\"https:\/\/dzrakovica.rs\/wp-content\/uploads\/2023\/12\/IMG-e3a375ff38771d74e0f1641a3a03dbf0-V-1024x768.jpg\\\" alt=\\\"\\\" class=\\\"wp-image-7471\\\" style=\\\"aspect-ratio:1.3333333333333333;width:608px;height:auto\\\"\/><\/figure>\n\n\n\n<figure class=\\\"wp-block-image aligncenter size-large is-resized is-style-rounded\\\"><img src=\\\"https:\/\/dzrakovica.rs\/wp-content\/uploads\/2023\/12\/IMG-c6989777fbc04ed97aaf779ffdfbee6e-V-768x1024.jpg\\\" alt=\\\"\\\" class=\\\"wp-image-7472\\\" style=\\\"aspect-ratio:0.75;width:488px;height:auto\\\"\/><\/figure>\n\n\n\n<p>ZAJEDNO kao partneri,roditelji i stru\u010dnjaci,, tragaju za najboljim oblicima podr\u0161ke kojima \u0107e negovati i podsticati de\u010dji razvoj. Samo stabilni i osna\u017eeni roditelji mogu da se suo\u010de sa te\u0161ko\u0107ama i podr\u017ee razvoj i u\u010denje deteta. Dete najlak\u0161e i najbolje u\u010di u okru\u017eenju u kome dobija podr\u0161ku i u kome se ose\u0107a sigurno i kada u\u010di sa onima kojima najvi\u0161e veruje. Otuda je va\u017eno \u0161to ranije prepoznati eventualna razvojna odstupanja i pru\u017eiti dodatnu podr\u0161ku u najprirodnijem okru\u017eenju za dete \u2013 u porodici i u vr\u0161nja\u010dkoj zajednici.<\/p>\n\n\n\n<figure class=\\\"wp-block-image aligncenter size-large is-resized is-style-rounded\\\"><img src=\\\"https:\/\/dzrakovica.rs\/wp-content\/uploads\/2023\/12\/IMG-979a1be35235d3fdfc34f39c8f16fdc7-V-768x1024.jpg\\\" alt=\\\"\\\" class=\\\"wp-image-7473\\\" style=\\\"aspect-ratio:0.75;width:341px;height:auto\\\"\/><\/figure>\n\n\n\n<p>I za kraj najbitnije su klju\u010dne re\u010di:<strong><em>porodica, rano detinjstvo, podr\u0161ka<\/em><\/strong><\/p>\n","protected":false},"excerpt":{"rendered":"<p>13.12.2023 godine Dom zdravlja Rakovica je sve\u010dano otvorio renovirane prostorijje Razvojnog savetovali\u0161ta i poseban segment Porodi\u010dno orijentisana rana intervencija za zdrav razvoj dece. v.d. Direktor-a Dr sci med Svetlana Anti\u0107 je zajedno sa dr\u017eavnim sekretarom Ministarstva zdravlja RS Dr Aleksandrom Stefovskim uz prisustvo predstavnika UNICEF &#8211; Srbija,Op\u0161tine Rakovica,udru\u017eenja privatnih poslodavaca op\u0161tine Rakovica, IKEA, studia B [&hellip;]<\/p>\n","protected":false},"author":1,"featured_media":0,"comment_status":"closed","ping_status":"closed","sticky":false,"template":"","format":"standard","meta":{"site-sidebar-layout":"default","site-content-layout":"","ast-site-content-layout":"","site-content-style":"default","site-sidebar-style":"default","ast-global-header-display":"","ast-banner-title-visibility":"","ast-main-header-display":"","ast-hfb-above-header-display":"","ast-hfb-below-header-display":"","ast-hfb-mobile-header-display":"","site-post-title":"","ast-breadcrumbs-content":"","ast-featured-img":"","footer-sml-layout":"","theme-transparent-header-meta":"","adv-header-id-meta":"","stick-header-meta":"","header-above-stick-meta":"","header-main-stick-meta":"","header-below-stick-meta":"","astra-migrate-meta-layouts":"default","ast-page-background-enabled":"default","ast-page-background-meta":{"desktop":{"background-color":"","background-image":"","background-repeat":"repeat","background-position":"center center","background-size":"auto","background-attachment":"scroll","background-type":"","background-media":"","overlay-type":"","overlay-color":"","overlay-opacity":"","overlay-gradient":""},"tablet":{"background-color":"","background-image":"","background-repeat":"repeat","background-position":"center center","background-size":"auto","background-attachment":"scroll","background-type":"","background-media":"","overlay-type":"","overlay-color":"","overlay-opacity":"","overlay-gradient":""},"mobile":{"background-color":"","background-image":"","background-repeat":"repeat","background-position":"center center","background-size":"auto","background-attachment":"scroll","background-type":"","background-media":"","overlay-type":"","overlay-color":"","overlay-opacity":"","overlay-gradient":""}},"ast-content-background-meta":{"desktop":{"background-color":"var(--ast-global-color-5)","background-image":"","background-repeat":"repeat","background-position":"center center","background-size":"auto","background-attachment":"scroll","background-type":"","background-media":"","overlay-type":"","overlay-color":"","overlay-opacity":"","overlay-gradient":""},"tablet":{"background-color":"var(--ast-global-color-5)","background-image":"","background-repeat":"repeat","background-position":"center center","background-size":"auto","background-attachment":"scroll","background-type":"","background-media":"","overlay-type":"","overlay-color":"","overlay-opacity":"","overlay-gradient":""},"mobile":{"background-color":"var(--ast-global-color-5)","background-image":"","background-repeat":"repeat","background-position":"center center","background-size":"auto","background-attachment":"scroll","background-type":"","background-media":"","overlay-type":"","overlay-color":"","overlay-opacity":"","overlay-gradient":""}},"footnotes":""},"categories":[7],"tags":[],"class_list":["post-8989","post","type-post","status-publish","format-standard","hentry","category-7"],"_links":{"self":[{"href":"https:\/\/dzrakovica.rs\/index.php?rest_route=\/wp\/v2\/posts\/8989","targetHints":{"allow":["GET"]}}],"collection":[{"href":"https:\/\/dzrakovica.rs\/index.php?rest_route=\/wp\/v2\/posts"}],"about":[{"href":"https:\/\/dzrakovica.rs\/index.php?rest_route=\/wp\/v2\/types\/post"}],"author":[{"embeddable":true,"href":"https:\/\/dzrakovica.rs\/index.php?rest_route=\/wp\/v2\/users\/1"}],"replies":[{"embeddable":true,"href":"https:\/\/dzrakovica.rs\/index.php?rest_route=%2Fwp%2Fv2%2Fcomments&post=8989"}],"version-history":[{"count":0,"href":"https:\/\/dzrakovica.rs\/index.php?rest_route=\/wp\/v2\/posts\/8989\/revisions"}],"wp:attachment":[{"href":"https:\/\/dzrakovica.rs\/index.php?rest_route=%2Fwp%2Fv2%2Fmedia&parent=8989"}],"wp:term":[{"taxonomy":"category","embeddable":true,"href":"https:\/\/dzrakovica.rs\/index.php?rest_route=%2Fwp%2Fv2%2Fcategories&post=8989"},{"taxonomy":"post_tag","embeddable":true,"href":"https:\/\/dzrakovica.rs\/index.php?rest_route=%2Fwp%2Fv2%2Ftags&post=8989"}],"curies":[{"name":"wp","href":"https:\/\/api.w.org\/{rel}","templated":true}]}}